{"id":291,"date":"2019-09-13T13:20:50","date_gmt":"2019-09-13T11:20:50","guid":{"rendered":"http:\/\/lire-travailler-derrida.org\/WordPress3\/?p=291"},"modified":"2019-09-13T13:37:44","modified_gmt":"2019-09-13T11:37:44","slug":"journee-detude-la-peine-de-mort-27-juin-2018","status":"publish","type":"post","link":"https:\/\/archive.revue-iter.org\/?p=291","title":{"rendered":"Journ\u00e9e d\u2019\u00e9tude \u00ab La peine de mort \u00bb \u2013 27 juin 2018"},"content":{"rendered":"<p style=\"text-align: center;\"><strong>Journ\u00e9e d&#8217;\u00e9tude\u00a0Jacques Derrida 2017-2018,\u00a0<em>La peine de mort<\/em><\/strong><\/p>\n<p style=\"text-align: center;\">le mercredi 27 juin 2018, 10-18h \u00e0 l\u2019INALCO\u00a0 (2, Rue de Lille, 75007 Paris)<\/p>\n<p style=\"text-align: center;\">Organis\u00e9e par le<strong> Groupe lire-travailler, Derrida<\/strong> et <strong>l&#8217;Association pour la d\u00e9construction\u00a0(Japon)<\/strong>. Avec le soutien du Centre d\u2019\u00e9tudes japonaise (CEJ) \u00e0 l\u2019INALCO<\/p>\n<p><b>10h00-12h30<\/b><\/p>\n<p>Yuji NISHIYAMA(Universit\u00e9 m\u00e9tropolitaine de Tokyo\/ INALCO), \u201cLes enjeux politico-philosophiques du s\u00e9minaire La peine de mort\u201d<\/p>\n<p>Francesco SAVERIO NISIO\u00a0(Universit\u00e9 de Foggia), \u201cCanetti et Derrida, des morts dialoguent entre eux &#8211; et avec nous &#8211; sur la survivance (Autour de la s\u00e9ance du 15 mars 2000)\u201d<\/p>\n<p>Laurie HAFFAS\u00a0(ENS-EHESS), \u201cL\u2019hypoth\u00e8se d\u2019une d\u00e9termination kantienne du signe messianique chez Derrida. (Autour de la s\u00e9ance du 7 mars 2001)\u201d<\/p>\n<p>Marta HERNANDEZ ALONSO (Universit\u00e9 catholique de Louvain), \u201cLa fin de l\u2019infini\u201d<\/p>\n<p><b>14h00-15h30<\/b><\/p>\n<p>Carmen RUIZ (Universit\u00e9 Paris Nanterre), \u201cUn seul et m\u00eame coup: le p\u00e8re virtuel et le temps \u00ab\u00a0out of joint\u00a0\u00bb\u201d<\/p>\n<p>Elias JABRE (Universit\u00e9 Paris 8), \u201cComment se propage et s\u2019inscrit le discours abolitionniste dans les institutions\u00a0? Quid de celui de Derrida\u00a0?\u201d<\/p>\n<p><b>16h00-17h30<\/b><\/p>\n<p>Behrang POURHOSSEINI (Universit\u00e9 Paris 8), \u201cLa cruaut\u00e9 de la litt\u00e9rature; ou le litt\u00e9raro-th\u00e9ologico-politique\u201d<\/p>\n<p>Juan EVARISTO VALLS BOIX\u00a0(Universit\u00e9 de Barcelone),\u00a0 \u201c\u00c9crire avec seringue. Politiques et litt\u00e9ratures du sang\u201c<\/p>\n","protected":false},"excerpt":{"rendered":"<p>Journ\u00e9e d&#8217;\u00e9tude\u00a0Jacques Derrida 2017-2018,\u00a0La peine de mort le mercredi 27 juin 2018, 10-18h \u00e0 l\u2019INALCO\u00a0 (2, Rue de Lille, 75007 Paris) Organis\u00e9e par le Groupe lire-travailler, Derrida et l&#8217;Association pour la d\u00e9construction\u00a0(Japon). Avec le soutien du Centre d\u2019\u00e9tudes japonaise (CEJ) \u00e0 l\u2019INALCO 10h00-12h30 Yuji NISHIYAMA(Universit\u00e9 m\u00e9tropolitaine de Tokyo\/ INALCO), \u201cLes enjeux politico-philosophiques du s\u00e9minaire La <a href='https:\/\/archive.revue-iter.org\/?p=291' class='excerpt-more'>[&#8230;]<\/a><\/p>\n","protected":false},"author":2,"featured_media":0,"comment_status":"closed","ping_status":"open","sticky":false,"template":"","format":"standard","meta":[],"categories":[11],"tags":[],"_links":{"self":[{"href":"https:\/\/archive.revue-iter.org\/index.php?rest_route=\/wp\/v2\/posts\/291"}],"collection":[{"href":"https:\/\/archive.revue-iter.org\/index.php?rest_route=\/wp\/v2\/posts"}],"about":[{"href":"https:\/\/archive.revue-iter.org\/index.php?rest_route=\/wp\/v2\/types\/post"}],"author":[{"embeddable":true,"href":"https:\/\/archive.revue-iter.org\/index.php?rest_route=\/wp\/v2\/users\/2"}],"replies":[{"embeddable":true,"href":"https:\/\/archive.revue-iter.org\/index.php?rest_route=%2Fwp%2Fv2%2Fcomments&post=291"}],"version-history":[{"count":24,"href":"https:\/\/archive.revue-iter.org\/index.php?rest_route=\/wp\/v2\/posts\/291\/revisions"}],"predecessor-version":[{"id":315,"href":"https:\/\/archive.revue-iter.org\/index.php?rest_route=\/wp\/v2\/posts\/291\/revisions\/315"}],"wp:attachment":[{"href":"https:\/\/archive.revue-iter.org\/index.php?rest_route=%2Fwp%2Fv2%2Fmedia&parent=291"}],"wp:term":[{"taxonomy":"category","embeddable":true,"href":"https:\/\/archive.revue-iter.org\/index.php?rest_route=%2Fwp%2Fv2%2Fcategories&post=291"},{"taxonomy":"post_tag","embeddable":true,"href":"https:\/\/archive.revue-iter.org\/index.php?rest_route=%2Fwp%2Fv2%2Ftags&post=291"}],"curies":[{"name":"wp","href":"https:\/\/api.w.org\/{rel}","templated":true}]}}