{"id":237,"date":"2015-03-30T10:36:22","date_gmt":"2015-03-30T08:36:22","guid":{"rendered":"http:\/\/lire-travailler-derrida.org\/WordPress3\/?p=237"},"modified":"2016-07-24T12:09:18","modified_gmt":"2016-07-24T10:09:18","slug":"journee-detudes-politiques-de-lamitie-4-avril-2015","status":"publish","type":"post","link":"https:\/\/archive.revue-iter.org\/?p=237","title":{"rendered":"Journ\u00e9e d&#8217;\u00e9tude &#8221; Politiques de l&#8217;amiti\u00e9&#8221; &#8211; 4 avril 2015"},"content":{"rendered":"<h2 style=\"text-align: center;\">PROGRAMME DE LA JOURN\u00c9E D&#8217;\u00c9TUDE<\/h2>\n<h2 style=\"text-align: center;\">AUTOUR DE <em>POLITIQUES DE L&#8217;AMITI\u00c9<\/em><\/h2>\n<p style=\"text-align: center;\" align=\"center\"><span style=\"font-size: large;\">(Organis\u00e9e par le groupe Lire-travailler, Derrida)<\/span><\/p>\n<p style=\"text-align: center;\" align=\"center\"><span style=\"font-size: large;\"><b>Samedi 4 avril 2015, ENS, Salle de Conf\u00e9rences, 46 rue d&#8217;Ulm (acc\u00e8s libre)<\/b><\/span><\/p>\n<p><b>9h-10h15<\/b><\/p>\n<p>Pierre DELAIN\u00a0: \u00ab\u00a0Acquiescement et aimance\u00a0\u00bb<\/p>\n<p>Marta HERN\u00c1NDEZ ALONSO\u00a0: \u00ab\u00a0<span style=\"color: #000000;\">Entre Eros et Thanatos: l&#8217;aimance inconditionnelle\u00a0\u00bb<\/span><\/p>\n<p><b>10h45-12h15<\/b><\/p>\n<p>Patrick LLORED\u00a0: \u00ab\u00a0<span style=\"color: #000000;\">D\u00e9construction de la fraternit\u00e9 et question d&#8217;\u00e9thique animale : quelle place la d\u00e9mocratie doit-elle faire aux animaux ?\u00a0\u00bb<\/span><\/p>\n<p><span style=\"color: #000000;\">G<\/span><span style=\"color: #000000;\">iustino DE MICHELE\u00a0: \u00ab\u00a0D\u2019un certain crime contre <\/span><span style=\"color: #000000;\">&#8221;<\/span><span style=\"color: #000000;\">l\u2019homme comme animal politique<\/span><span style=\"color: #000000;\">&#8221;\u00a0\u00bb<\/span><\/p>\n<p style=\"text-align: right;\" align=\"right\"><span style=\"color: #000000;\"><span style=\"text-decoration: underline;\">R\u00e9pondant\u00a0<\/span><\/span><span style=\"color: #000000;\">: H\u00e9ctor G. Casta\u00f1o<\/span><\/p>\n<p style=\"text-align: center;\" align=\"center\"><span style=\"color: #000000;\">PAUSE D\u00c9JEUNER<\/span><\/p>\n<p><span style=\"color: #000000;\"><b>14h-15h30<\/b><\/span><\/p>\n<p><span style=\"color: #000000;\">Alejandro OROZCO\u00a0: \u00ab\u00a0Peut-\u00eatre, la responsabilit\u00e9\u00a0\u00bb<\/span><\/p>\n<p><span style=\"color: #000000;\">Elias JABRE\u00a0: \u00ab\u00a0La pulsion de pouvoir en prise avec les morts de dieu. Vers une autre responsabilit\u00e9 qui bouleverserait l\u2019ordre juridico-politique\u00a0\u00bb<\/span><\/p>\n<p style=\"text-align: right;\" align=\"right\"><span style=\"text-decoration: underline;\">R\u00e9pondante<\/span>\u00a0: Chantal Klein<\/p>\n<p><span style=\"color: #000000;\"><b>16h-18h30<\/b><\/span><\/p>\n<p><span style=\"color: #000000;\">K<\/span><span style=\"color: #000000;\">ei KIRITANI\u00a0: \u00ab\u00a0De la bri\u00e8vet\u00e9 de la vie\u00a0\u00bb<\/span><\/p>\n<p><span style=\"color: #000000;\">Cristina MORAR\u00a0: \u00ab\u00a0Derrida et Cixous\u00a0: r\u00e9sonances, traductions, r\u00e9\u00e9critures\u00a0\u00bb<\/span><\/p>\n<p><span style=\"color: #000000;\">Gabriel REZENDE\u00a0: \u00ab\u00a0Lire Schmitt apr\u00e8s Derrida\u00a0\u00bb<\/span><\/p>\n<p style=\"text-align: right;\" align=\"right\"><span style=\"color: #000000;\"><span style=\"text-decoration: underline;\">R\u00e9pondante\u00a0<\/span><\/span><span style=\"color: #000000;\">: Elise Lamy-Rested<\/span><\/p>\n","protected":false},"excerpt":{"rendered":"<p>PROGRAMME DE LA JOURN\u00c9E D&#8217;\u00c9TUDE AUTOUR DE POLITIQUES DE L&#8217;AMITI\u00c9 (Organis\u00e9e par le groupe Lire-travailler, Derrida) Samedi 4 avril 2015, ENS, Salle de Conf\u00e9rences, 46 rue d&#8217;Ulm (acc\u00e8s libre) 9h-10h15 Pierre DELAIN\u00a0: \u00ab\u00a0Acquiescement et aimance\u00a0\u00bb Marta HERN\u00c1NDEZ ALONSO\u00a0: \u00ab\u00a0Entre Eros et Thanatos: l&#8217;aimance inconditionnelle\u00a0\u00bb 10h45-12h15 Patrick LLORED\u00a0: \u00ab\u00a0D\u00e9construction de la fraternit\u00e9 et question d&#8217;\u00e9thique animale <a href='https:\/\/archive.revue-iter.org\/?p=237' class='excerpt-more'>[&#8230;]<\/a><\/p>\n","protected":false},"author":1,"featured_media":0,"comment_status":"closed","ping_status":"open","sticky":false,"template":"","format":"standard","meta":[],"categories":[11,10],"tags":[93,87,95],"_links":{"self":[{"href":"https:\/\/archive.revue-iter.org\/index.php?rest_route=\/wp\/v2\/posts\/237"}],"collection":[{"href":"https:\/\/archive.revue-iter.org\/index.php?rest_route=\/wp\/v2\/posts"}],"about":[{"href":"https:\/\/archive.revue-iter.org\/index.php?rest_route=\/wp\/v2\/types\/post"}],"author":[{"embeddable":true,"href":"https:\/\/archive.revue-iter.org\/index.php?rest_route=\/wp\/v2\/users\/1"}],"replies":[{"embeddable":true,"href":"https:\/\/archive.revue-iter.org\/index.php?rest_route=%2Fwp%2Fv2%2Fcomments&post=237"}],"version-history":[{"count":6,"href":"https:\/\/archive.revue-iter.org\/index.php?rest_route=\/wp\/v2\/posts\/237\/revisions"}],"predecessor-version":[{"id":243,"href":"https:\/\/archive.revue-iter.org\/index.php?rest_route=\/wp\/v2\/posts\/237\/revisions\/243"}],"wp:attachment":[{"href":"https:\/\/archive.revue-iter.org\/index.php?rest_route=%2Fwp%2Fv2%2Fmedia&parent=237"}],"wp:term":[{"taxonomy":"category","embeddable":true,"href":"https:\/\/archive.revue-iter.org\/index.php?rest_route=%2Fwp%2Fv2%2Fcategories&post=237"},{"taxonomy":"post_tag","embeddable":true,"href":"https:\/\/archive.revue-iter.org\/index.php?rest_route=%2Fwp%2Fv2%2Ftags&post=237"}],"curies":[{"name":"wp","href":"https:\/\/api.w.org\/{rel}","templated":true}]}}