{"id":132,"date":"2014-06-07T15:53:00","date_gmt":"2014-06-07T13:53:00","guid":{"rendered":"http:\/\/lire-travailler-derrida.org\/WordPress3\/?p=132"},"modified":"2014-09-07T16:22:38","modified_gmt":"2014-09-07T14:22:38","slug":"journee-detude-la-bete-et-le-souverain-14-juin-2014","status":"publish","type":"post","link":"https:\/\/archive.revue-iter.org\/?p=132","title":{"rendered":"Journ\u00e9e d&#8217;\u00e9tude &#8220;La B\u00eate et le Souverain&#8221; &#8211; 14 juin 2014"},"content":{"rendered":"<div align=\"center\">\n<h2 style=\"text-align: center;\"><strong><span class=\"Titre2\">PROGRAMME DE LA JOURNEE D&#8217;ETUDE DU 14 JUIN 2014<\/span><\/strong><\/h2>\n<p style=\"text-align: center;\">(Organis\u00e9e par le groupe &#8220;Lire-travailler, Derrida&#8221;, \u00e0 partir de la lecture du s\u00e9minaire &#8220;La b\u00eate et le Souverain&#8221; Premi\u00e8re ann\u00e9e)<\/p>\n<\/div>\n<p><strong>8h45-10h15 \u2013 Premi\u00e8re s\u00e9ance : \u00ab \u00c9thique, responsabilit\u00e9, b\u00eatise \u00bb<\/strong><\/p>\n<p>Patrick LLORED : \u00ab Dans quelle mesure peut-on dire que le s\u00e9minaire <em>La b\u00eate et le souverain<\/em> est un trait\u00e9 d&#8217;\u00e9thique animale ? \u00bb<\/p>\n<p>Alejandro OROZCO : \u00ab Questions de responsabilit\u00e9 : r\u00e9pondre de quoi et devant qui ? \u00bb<\/p>\n<p>Elias JABRE : \u00ab Derrida et Deleuze, faire la diff\u00e9rence \u00bb<\/p>\n<p>PAUSE<\/p>\n<p><strong>10h45-12h15 \u2013 Deuxi\u00e8me s\u00e9ance : \u00ab La fiction, le temps \u00bb<\/strong><\/p>\n<p>Donald CROSS : \u00ab &#8220;pas de colombe&#8221; : La b\u00eate &#8211; l&#8217;\u00e9peron &#8211; le souverain \u00bb<\/p>\n<p>H\u00e9ctor G. CASTA\u00d1O : \u00ab La question de la proth\u00e8se autour du mot obscur d&#8217; &#8220;analogie&#8221; \u00bb<\/p>\n<p>Kei KIRITANI : \u00ab L&#8217;autre pr\u00e9sent et le pr\u00e9sent de l&#8217;autre \u00bb<\/p>\n<p>PAUSE D\u00c9JEUNER<\/p>\n<p><strong>15h30-16h00 \u2013 Troisi\u00e8me s\u00e9ance : \u00ab Le souverain et au-del\u00e0 \u00bb<\/strong><\/p>\n<p>Marta HERN\u00c1NDEZ ALONSO : \u00ab Au-del\u00e0 de l\u2019\u00eatre, au-del\u00e0 de la souverainet\u00e9 \u00bb<\/p>\n<p>Aidy LAIB : \u00ab Bataille en absence. Violence et souverainet\u00e9 dans le s\u00e9minaire \u00bb<\/p>\n<p>Piere DELAIN : \u00ab Au-del\u00e0 du souverain, la querelle entre Derrida et Agamben \u00bb<\/p>\n<p>PAUSE<\/p>\n<p><strong>17h00-18h30 \u2013 Quatri\u00e8me s\u00e9ance : \u00ab Th\u00e9ories critiques \u00bb<\/strong><\/p>\n<p>Michalis BROUZOS : \u00ab Il y a au moins deux Derrida : la th\u00e9orie critique du droit (\u00ab <em>critical legal studies<\/em> \u00bb) devant le carrefour \u00bb<\/p>\n<p>Paul EARLIE : \u00ab \u00c9motions politiques chez Derrida \u00bb<\/p>\n<p>Elise LAMY-RESTED : \u00ab Politiques de la survie \u00bb<\/p>\n<p>&nbsp;<\/p>\n<p><span style=\"text-decoration: underline;\">Lieu<\/span> : Salle des S\u00e9minaires, Sous-sol du Pavillon Pasteur \u00e0 l&#8217;ENS, 45 rue d&#8217;Ulm \u00e0 Paris. Entr\u00e9e libre et gratuite.<\/p>\n","protected":false},"excerpt":{"rendered":"<p>PROGRAMME DE LA JOURNEE D&#8217;ETUDE DU 14 JUIN 2014 (Organis\u00e9e par le groupe &#8220;Lire-travailler, Derrida&#8221;, \u00e0 partir de la lecture du s\u00e9minaire &#8220;La b\u00eate et le Souverain&#8221; Premi\u00e8re ann\u00e9e) 8h45-10h15 \u2013 Premi\u00e8re s\u00e9ance : \u00ab \u00c9thique, responsabilit\u00e9, b\u00eatise \u00bb Patrick LLORED : \u00ab Dans quelle mesure peut-on dire que le s\u00e9minaire La b\u00eate et le <a href='https:\/\/archive.revue-iter.org\/?p=132' class='excerpt-more'>[&#8230;]<\/a><\/p>\n","protected":false},"author":1,"featured_media":0,"comment_status":"closed","ping_status":"closed","sticky":false,"template":"","format":"standard","meta":[],"categories":[11],"tags":[12],"_links":{"self":[{"href":"https:\/\/archive.revue-iter.org\/index.php?rest_route=\/wp\/v2\/posts\/132"}],"collection":[{"href":"https:\/\/archive.revue-iter.org\/index.php?rest_route=\/wp\/v2\/posts"}],"about":[{"href":"https:\/\/archive.revue-iter.org\/index.php?rest_route=\/wp\/v2\/types\/post"}],"author":[{"embeddable":true,"href":"https:\/\/archive.revue-iter.org\/index.php?rest_route=\/wp\/v2\/users\/1"}],"replies":[{"embeddable":true,"href":"https:\/\/archive.revue-iter.org\/index.php?rest_route=%2Fwp%2Fv2%2Fcomments&post=132"}],"version-history":[{"count":5,"href":"https:\/\/archive.revue-iter.org\/index.php?rest_route=\/wp\/v2\/posts\/132\/revisions"}],"predecessor-version":[{"id":139,"href":"https:\/\/archive.revue-iter.org\/index.php?rest_route=\/wp\/v2\/posts\/132\/revisions\/139"}],"wp:attachment":[{"href":"https:\/\/archive.revue-iter.org\/index.php?rest_route=%2Fwp%2Fv2%2Fmedia&parent=132"}],"wp:term":[{"taxonomy":"category","embeddable":true,"href":"https:\/\/archive.revue-iter.org\/index.php?rest_route=%2Fwp%2Fv2%2Fcategories&post=132"},{"taxonomy":"post_tag","embeddable":true,"href":"https:\/\/archive.revue-iter.org\/index.php?rest_route=%2Fwp%2Fv2%2Ftags&post=132"}],"curies":[{"name":"wp","href":"https:\/\/api.w.org\/{rel}","templated":true}]}}